{"id":494,"date":"2025-06-25T07:25:27","date_gmt":"2025-06-25T07:25:27","guid":{"rendered":"https:\/\/brainspectrum.dk\/?p=494"},"modified":"2025-07-12T08:16:22","modified_gmt":"2025-07-12T08:16:22","slug":"efter-over-tre-aar-vaek-fra-arbejdsmarkedet-hvad-nu","status":"publish","type":"post","link":"https:\/\/brainspectrum.dk\/index.php\/2025\/06\/25\/efter-over-tre-aar-vaek-fra-arbejdsmarkedet-hvad-nu\/","title":{"rendered":"Efter over tre \u00e5r v\u00e6k fra arbejdsmarkedet -hvad nu?"},"content":{"rendered":"<p>Det f\u00f8les som uendeligheder siden, jeg sidst var en del af en helt almindelig arbejdsuge. Hvor mandag til fredag var forskellige fra weekenden. Hvor man turde planl\u00e6gge, se fremad, hvor ens bekymringer trods alt ikke var st\u00f8rre end de flestes.<\/p>\n<p>Da vores barn blev alvorligt syg, \u00e6ndrede alt sig. Det var ikke en beslutning, der var sv\u00e6r at tr\u00e6ffe\u2013 og det hverken kunne eller skulle ikke v\u00e6re anderledes.<\/p>\n<p>Nu st\u00e5r jeg her. Klar(ish) til at vende tilbage. Og jeg er fyldt med ambivalente f\u00f8lelser.<br \/>\nGl\u00e6de. Frygt. Lettelse. Sorg. Nysgerrighed. Tr\u00e6thed. Taknemmelighed. Skyld. H\u00e5b.<\/p>\n<p>At v\u00e6re for\u00e6lder til et barn med psykisk sygdom er en livsomv\u00e6ltning, man ikke kan forberede sig p\u00e5. Det \u00e6ndrer ens perspektiv. Ens kapacitet. Ens gr\u00e6nser. Ens v\u00e6rdier. Og ogs\u00e5 ens professionelle identitet.<\/p>\n<p>Jeg vender tilbage til en arbejdsplads, jeg engang kendte godt og har v\u00e6ret en del af i over tyve \u00e5r. Men meget har med sikkerhed \u00e6ndret sig, selvom det meste ligner sig selv udefra. Ikke mindst mig.<\/p>\n<p>Jeg kommer tilbage med nye erfaringer \u2013 ikke dem, man kan skrive p\u00e5 CV\u2019et, men dem man kan m\u00e6rke, dem man selv skal have oplevet for at forst\u00e5. Jeg har l\u00e6rt at st\u00e5 i uvished. At finde styrke i det skr\u00f8belige. At sige fra. At r\u00e6kke ud. At k\u00e6mpe -for at give op kunne have fatale konsekvenser. Og m\u00e5ske vigtigst af alt at stoppe op, m\u00e6rke efter og stole p\u00e5 min mavefornemmelse.<\/p>\n<p>Og selvom jeg ikke har alle svarene endnu, s\u00e5 deler jeg det her, fordi jeg ved, jeg ikke er alene. Vi er mange, der pr\u00f8ver at balancere livets st\u00f8rste k\u00e6rlighed med arbejdslivets krav. Der vender tilbage med ar, men ogs\u00e5 med noget dybere.<\/p>\n<p>&nbsp;<\/p>\n","protected":false},"excerpt":{"rendered":"<p>Det f\u00f8les som uendeligheder siden, jeg sidst var en del af en helt almindelig arbejdsuge. Hvor mandag til fredag var forskellige fra weekenden. Hvor man turde planl\u00e6gge, se fremad, hvor ens bekymringer trods alt ikke var st\u00f8rre end de flestes. Da vores barn blev alvorligt syg, \u00e6ndrede alt sig. Det var ikke en beslutning, der [&hellip;]<\/p>\n","protected":false},"author":1,"featured_media":0,"comment_status":"open","ping_status":"closed","sticky":false,"template":"elementor_theme","format":"standard","meta":{"ocean_post_layout":"right-sidebar","ocean_both_sidebars_style":"","ocean_both_sidebars_content_width":0,"ocean_both_sidebars_sidebars_width":0,"ocean_sidebar":"0","ocean_second_sidebar":"0","ocean_disable_margins":"enable","ocean_add_body_class":"","ocean_shortcode_before_top_bar":"","ocean_shortcode_after_top_bar":"","ocean_shortcode_before_header":"","ocean_shortcode_after_header":"","ocean_has_shortcode":"","ocean_shortcode_after_title":"","ocean_shortcode_before_footer_widgets":"","ocean_shortcode_after_footer_widgets":"","ocean_shortcode_before_footer_bottom":"","ocean_shortcode_after_footer_bottom":"","ocean_display_top_bar":"default","ocean_display_header":"default","ocean_header_style":"","ocean_center_header_left_menu":"0","ocean_custom_header_template":"0","ocean_custom_logo":0,"ocean_custom_retina_logo":0,"ocean_custom_logo_max_width":0,"ocean_custom_logo_tablet_max_width":0,"ocean_custom_logo_mobile_max_width":0,"ocean_custom_logo_max_height":0,"ocean_custom_logo_tablet_max_height":0,"ocean_custom_logo_mobile_max_height":0,"ocean_header_custom_menu":"0","ocean_menu_typo_font_family":"0","ocean_menu_typo_font_subset":"","ocean_menu_typo_font_size":0,"ocean_menu_typo_font_size_tablet":0,"ocean_menu_typo_font_size_mobile":0,"ocean_menu_typo_font_size_unit":"px","ocean_menu_typo_font_weight":"","ocean_menu_typo_font_weight_tablet":"","ocean_menu_typo_font_weight_mobile":"","ocean_menu_typo_transform":"","ocean_menu_typo_transform_tablet":"","ocean_menu_typo_transform_mobile":"","ocean_menu_typo_line_height":0,"ocean_menu_typo_line_height_tablet":0,"ocean_menu_typo_line_height_mobile":0,"ocean_menu_typo_line_height_unit":"","ocean_menu_typo_spacing":0,"ocean_menu_typo_spacing_tablet":0,"ocean_menu_typo_spacing_mobile":0,"ocean_menu_typo_spacing_unit":"","ocean_menu_link_color":"","ocean_menu_link_color_hover":"","ocean_menu_link_color_active":"","ocean_menu_link_background":"","ocean_menu_link_hover_background":"","ocean_menu_link_active_background":"","ocean_menu_social_links_bg":"","ocean_menu_social_hover_links_bg":"","ocean_menu_social_links_color":"","ocean_menu_social_hover_links_color":"","ocean_disable_title":"default","ocean_disable_heading":"default","ocean_post_title":"","ocean_post_subheading":"","ocean_post_title_style":"","ocean_post_title_background_color":"","ocean_post_title_background":0,"ocean_post_title_bg_image_position":"","ocean_post_title_bg_image_attachment":"","ocean_post_title_bg_image_repeat":"","ocean_post_title_bg_image_size":"","ocean_post_title_height":0,"ocean_post_title_bg_overlay":0.5,"ocean_post_title_bg_overlay_color":"","ocean_disable_breadcrumbs":"default","ocean_breadcrumbs_color":"","ocean_breadcrumbs_separator_color":"","ocean_breadcrumbs_links_color":"","ocean_breadcrumbs_links_hover_color":"","ocean_display_footer_widgets":"default","ocean_display_footer_bottom":"default","ocean_custom_footer_template":"0","ocean_post_oembed":"","ocean_post_self_hosted_media":"","ocean_post_video_embed":"","ocean_link_format":"","ocean_link_format_target":"self","ocean_quote_format":"","ocean_quote_format_link":"post","ocean_gallery_link_images":"on","ocean_gallery_id":[],"footnotes":""},"categories":[17],"tags":[],"class_list":["post-494","post","type-post","status-publish","format-standard","hentry","category-skyld-skam-sorg","entry"],"yoast_head":"<!-- This site is optimized with the Yoast SEO plugin v27.5 - https:\/\/yoast.com\/product\/yoast-seo-wordpress\/ -->\n<title>Efter over tre \u00e5r v\u00e6k fra arbejdsmarkedet -hvad nu? - AITIA<\/title>\n<meta name=\"description\" content=\"Tilbage p\u00e5 arbejdsmarkedet efter mange \u00e5rs orlov, tabs arbejdsfortjeneste\" \/>\n<meta name=\"robots\" content=\"index, follow, max-snippet:-1, max-image-preview:large, max-video-preview:-1\" \/>\n<link rel=\"canonical\" href=\"https:\/\/brainspectrum.dk\/index.php\/2025\/06\/25\/efter-over-tre-aar-vaek-fra-arbejdsmarkedet-hvad-nu\/\" \/>\n<meta property=\"og:locale\" content=\"da_DK\" \/>\n<meta property=\"og:type\" content=\"article\" \/>\n<meta property=\"og:title\" content=\"Efter over tre \u00e5r v\u00e6k fra arbejdsmarkedet -hvad nu? - AITIA\" \/>\n<meta property=\"og:description\" content=\"Tilbage p\u00e5 arbejdsmarkedet efter mange \u00e5rs orlov, tabs arbejdsfortjeneste\" \/>\n<meta property=\"og:url\" content=\"https:\/\/brainspectrum.dk\/index.php\/2025\/06\/25\/efter-over-tre-aar-vaek-fra-arbejdsmarkedet-hvad-nu\/\" \/>\n<meta property=\"og:site_name\" content=\"AITIA\" \/>\n<meta property=\"article:published_time\" content=\"2025-06-25T07:25:27+00:00\" \/>\n<meta property=\"article:modified_time\" content=\"2025-07-12T08:16:22+00:00\" \/>\n<meta name=\"author\" content=\"admin\" \/>\n<meta name=\"twitter:card\" content=\"summary_large_image\" \/>\n<meta name=\"twitter:label1\" content=\"Skrevet af\" \/>\n\t<meta name=\"twitter:data1\" content=\"admin\" \/>\n\t<meta name=\"twitter:label2\" content=\"Estimeret l\u00e6setid\" \/>\n\t<meta name=\"twitter:data2\" content=\"2 minutter\" \/>\n<script type=\"application\/ld+json\" class=\"yoast-schema-graph\">{\"@context\":\"https:\\\/\\\/schema.org\",\"@graph\":[{\"@type\":\"Article\",\"@id\":\"https:\\\/\\\/brainspectrum.dk\\\/index.php\\\/2025\\\/06\\\/25\\\/efter-over-tre-aar-vaek-fra-arbejdsmarkedet-hvad-nu\\\/#article\",\"isPartOf\":{\"@id\":\"https:\\\/\\\/brainspectrum.dk\\\/index.php\\\/2025\\\/06\\\/25\\\/efter-over-tre-aar-vaek-fra-arbejdsmarkedet-hvad-nu\\\/\"},\"author\":{\"name\":\"admin\",\"@id\":\"https:\\\/\\\/brainspectrum.dk\\\/#\\\/schema\\\/person\\\/9d8560068511637a221b1c420f056eec\"},\"headline\":\"Efter over tre \u00e5r v\u00e6k fra arbejdsmarkedet -hvad nu?\",\"datePublished\":\"2025-06-25T07:25:27+00:00\",\"dateModified\":\"2025-07-12T08:16:22+00:00\",\"mainEntityOfPage\":{\"@id\":\"https:\\\/\\\/brainspectrum.dk\\\/index.php\\\/2025\\\/06\\\/25\\\/efter-over-tre-aar-vaek-fra-arbejdsmarkedet-hvad-nu\\\/\"},\"wordCount\":317,\"commentCount\":0,\"publisher\":{\"@id\":\"https:\\\/\\\/brainspectrum.dk\\\/#organization\"},\"articleSection\":[\"Skyld Skam Sorg\"],\"inLanguage\":\"da-DK\",\"potentialAction\":[{\"@type\":\"CommentAction\",\"name\":\"Comment\",\"target\":[\"https:\\\/\\\/brainspectrum.dk\\\/index.php\\\/2025\\\/06\\\/25\\\/efter-over-tre-aar-vaek-fra-arbejdsmarkedet-hvad-nu\\\/#respond\"]}]},{\"@type\":\"WebPage\",\"@id\":\"https:\\\/\\\/brainspectrum.dk\\\/index.php\\\/2025\\\/06\\\/25\\\/efter-over-tre-aar-vaek-fra-arbejdsmarkedet-hvad-nu\\\/\",\"url\":\"https:\\\/\\\/brainspectrum.dk\\\/index.php\\\/2025\\\/06\\\/25\\\/efter-over-tre-aar-vaek-fra-arbejdsmarkedet-hvad-nu\\\/\",\"name\":\"Efter over tre \u00e5r v\u00e6k fra arbejdsmarkedet -hvad nu? - AITIA\",\"isPartOf\":{\"@id\":\"https:\\\/\\\/brainspectrum.dk\\\/#website\"},\"datePublished\":\"2025-06-25T07:25:27+00:00\",\"dateModified\":\"2025-07-12T08:16:22+00:00\",\"description\":\"Tilbage p\u00e5 arbejdsmarkedet efter mange \u00e5rs orlov, tabs arbejdsfortjeneste\",\"breadcrumb\":{\"@id\":\"https:\\\/\\\/brainspectrum.dk\\\/index.php\\\/2025\\\/06\\\/25\\\/efter-over-tre-aar-vaek-fra-arbejdsmarkedet-hvad-nu\\\/#breadcrumb\"},\"inLanguage\":\"da-DK\",\"potentialAction\":[{\"@type\":\"ReadAction\",\"target\":[\"https:\\\/\\\/brainspectrum.dk\\\/index.php\\\/2025\\\/06\\\/25\\\/efter-over-tre-aar-vaek-fra-arbejdsmarkedet-hvad-nu\\\/\"]}]},{\"@type\":\"BreadcrumbList\",\"@id\":\"https:\\\/\\\/brainspectrum.dk\\\/index.php\\\/2025\\\/06\\\/25\\\/efter-over-tre-aar-vaek-fra-arbejdsmarkedet-hvad-nu\\\/#breadcrumb\",\"itemListElement\":[{\"@type\":\"ListItem\",\"position\":1,\"name\":\"Hjem\",\"item\":\"https:\\\/\\\/brainspectrum.dk\\\/\"},{\"@type\":\"ListItem\",\"position\":2,\"name\":\"Efter over tre \u00e5r v\u00e6k fra arbejdsmarkedet -hvad nu?\"}]},{\"@type\":\"WebSite\",\"@id\":\"https:\\\/\\\/brainspectrum.dk\\\/#website\",\"url\":\"https:\\\/\\\/brainspectrum.dk\\\/\",\"name\":\"AITIA\",\"description\":\"\",\"publisher\":{\"@id\":\"https:\\\/\\\/brainspectrum.dk\\\/#organization\"},\"potentialAction\":[{\"@type\":\"SearchAction\",\"target\":{\"@type\":\"EntryPoint\",\"urlTemplate\":\"https:\\\/\\\/brainspectrum.dk\\\/?s={search_term_string}\"},\"query-input\":{\"@type\":\"PropertyValueSpecification\",\"valueRequired\":true,\"valueName\":\"search_term_string\"}}],\"inLanguage\":\"da-DK\"},{\"@type\":\"Organization\",\"@id\":\"https:\\\/\\\/brainspectrum.dk\\\/#organization\",\"name\":\"AITIA\",\"url\":\"https:\\\/\\\/brainspectrum.dk\\\/\",\"logo\":{\"@type\":\"ImageObject\",\"inLanguage\":\"da-DK\",\"@id\":\"https:\\\/\\\/brainspectrum.dk\\\/#\\\/schema\\\/logo\\\/image\\\/\",\"url\":\"https:\\\/\\\/brainspectrum.dk\\\/wp-content\\\/uploads\\\/2025\\\/07\\\/Logo-graablaa.png\",\"contentUrl\":\"https:\\\/\\\/brainspectrum.dk\\\/wp-content\\\/uploads\\\/2025\\\/07\\\/Logo-graablaa.png\",\"width\":392,\"height\":398,\"caption\":\"AITIA\"},\"image\":{\"@id\":\"https:\\\/\\\/brainspectrum.dk\\\/#\\\/schema\\\/logo\\\/image\\\/\"}},{\"@type\":\"Person\",\"@id\":\"https:\\\/\\\/brainspectrum.dk\\\/#\\\/schema\\\/person\\\/9d8560068511637a221b1c420f056eec\",\"name\":\"admin\",\"image\":{\"@type\":\"ImageObject\",\"inLanguage\":\"da-DK\",\"@id\":\"https:\\\/\\\/secure.gravatar.com\\\/avatar\\\/f92be6eddadf1d48be26c0ee7c3b6a66f57fbf5c7efba8e1fa65b3a39c865605?s=96&d=mm&r=g\",\"url\":\"https:\\\/\\\/secure.gravatar.com\\\/avatar\\\/f92be6eddadf1d48be26c0ee7c3b6a66f57fbf5c7efba8e1fa65b3a39c865605?s=96&d=mm&r=g\",\"contentUrl\":\"https:\\\/\\\/secure.gravatar.com\\\/avatar\\\/f92be6eddadf1d48be26c0ee7c3b6a66f57fbf5c7efba8e1fa65b3a39c865605?s=96&d=mm&r=g\",\"caption\":\"admin\"},\"sameAs\":[\"https:\\\/\\\/brainspectrum.dk\",\"www.linkedin.com\\\/in\\\/stine-schjern-guldborg-535867119\"],\"url\":\"https:\\\/\\\/brainspectrum.dk\\\/index.php\\\/author\\\/admin\\\/\"}]}<\/script>\n<!-- \/ Yoast SEO plugin. -->","yoast_head_json":{"title":"Efter over tre \u00e5r v\u00e6k fra arbejdsmarkedet -hvad nu? - AITIA","description":"Tilbage p\u00e5 arbejdsmarkedet efter mange \u00e5rs orlov, tabs arbejdsfortjeneste","robots":{"index":"index","follow":"follow","max-snippet":"max-snippet:-1","max-image-preview":"max-image-preview:large","max-video-preview":"max-video-preview:-1"},"canonical":"https:\/\/brainspectrum.dk\/index.php\/2025\/06\/25\/efter-over-tre-aar-vaek-fra-arbejdsmarkedet-hvad-nu\/","og_locale":"da_DK","og_type":"article","og_title":"Efter over tre \u00e5r v\u00e6k fra arbejdsmarkedet -hvad nu? - AITIA","og_description":"Tilbage p\u00e5 arbejdsmarkedet efter mange \u00e5rs orlov, tabs arbejdsfortjeneste","og_url":"https:\/\/brainspectrum.dk\/index.php\/2025\/06\/25\/efter-over-tre-aar-vaek-fra-arbejdsmarkedet-hvad-nu\/","og_site_name":"AITIA","article_published_time":"2025-06-25T07:25:27+00:00","article_modified_time":"2025-07-12T08:16:22+00:00","author":"admin","twitter_card":"summary_large_image","twitter_misc":{"Skrevet af":"admin","Estimeret l\u00e6setid":"2 minutter"},"schema":{"@context":"https:\/\/schema.org","@graph":[{"@type":"Article","@id":"https:\/\/brainspectrum.dk\/index.php\/2025\/06\/25\/efter-over-tre-aar-vaek-fra-arbejdsmarkedet-hvad-nu\/#article","isPartOf":{"@id":"https:\/\/brainspectrum.dk\/index.php\/2025\/06\/25\/efter-over-tre-aar-vaek-fra-arbejdsmarkedet-hvad-nu\/"},"author":{"name":"admin","@id":"https:\/\/brainspectrum.dk\/#\/schema\/person\/9d8560068511637a221b1c420f056eec"},"headline":"Efter over tre \u00e5r v\u00e6k fra arbejdsmarkedet -hvad nu?","datePublished":"2025-06-25T07:25:27+00:00","dateModified":"2025-07-12T08:16:22+00:00","mainEntityOfPage":{"@id":"https:\/\/brainspectrum.dk\/index.php\/2025\/06\/25\/efter-over-tre-aar-vaek-fra-arbejdsmarkedet-hvad-nu\/"},"wordCount":317,"commentCount":0,"publisher":{"@id":"https:\/\/brainspectrum.dk\/#organization"},"articleSection":["Skyld Skam Sorg"],"inLanguage":"da-DK","potentialAction":[{"@type":"CommentAction","name":"Comment","target":["https:\/\/brainspectrum.dk\/index.php\/2025\/06\/25\/efter-over-tre-aar-vaek-fra-arbejdsmarkedet-hvad-nu\/#respond"]}]},{"@type":"WebPage","@id":"https:\/\/brainspectrum.dk\/index.php\/2025\/06\/25\/efter-over-tre-aar-vaek-fra-arbejdsmarkedet-hvad-nu\/","url":"https:\/\/brainspectrum.dk\/index.php\/2025\/06\/25\/efter-over-tre-aar-vaek-fra-arbejdsmarkedet-hvad-nu\/","name":"Efter over tre \u00e5r v\u00e6k fra arbejdsmarkedet -hvad nu? - AITIA","isPartOf":{"@id":"https:\/\/brainspectrum.dk\/#website"},"datePublished":"2025-06-25T07:25:27+00:00","dateModified":"2025-07-12T08:16:22+00:00","description":"Tilbage p\u00e5 arbejdsmarkedet efter mange \u00e5rs orlov, tabs arbejdsfortjeneste","breadcrumb":{"@id":"https:\/\/brainspectrum.dk\/index.php\/2025\/06\/25\/efter-over-tre-aar-vaek-fra-arbejdsmarkedet-hvad-nu\/#breadcrumb"},"inLanguage":"da-DK","potentialAction":[{"@type":"ReadAction","target":["https:\/\/brainspectrum.dk\/index.php\/2025\/06\/25\/efter-over-tre-aar-vaek-fra-arbejdsmarkedet-hvad-nu\/"]}]},{"@type":"BreadcrumbList","@id":"https:\/\/brainspectrum.dk\/index.php\/2025\/06\/25\/efter-over-tre-aar-vaek-fra-arbejdsmarkedet-hvad-nu\/#breadcrumb","itemListElement":[{"@type":"ListItem","position":1,"name":"Hjem","item":"https:\/\/brainspectrum.dk\/"},{"@type":"ListItem","position":2,"name":"Efter over tre \u00e5r v\u00e6k fra arbejdsmarkedet -hvad nu?"}]},{"@type":"WebSite","@id":"https:\/\/brainspectrum.dk\/#website","url":"https:\/\/brainspectrum.dk\/","name":"AITIA","description":"","publisher":{"@id":"https:\/\/brainspectrum.dk\/#organization"},"potentialAction":[{"@type":"SearchAction","target":{"@type":"EntryPoint","urlTemplate":"https:\/\/brainspectrum.dk\/?s={search_term_string}"},"query-input":{"@type":"PropertyValueSpecification","valueRequired":true,"valueName":"search_term_string"}}],"inLanguage":"da-DK"},{"@type":"Organization","@id":"https:\/\/brainspectrum.dk\/#organization","name":"AITIA","url":"https:\/\/brainspectrum.dk\/","logo":{"@type":"ImageObject","inLanguage":"da-DK","@id":"https:\/\/brainspectrum.dk\/#\/schema\/logo\/image\/","url":"https:\/\/brainspectrum.dk\/wp-content\/uploads\/2025\/07\/Logo-graablaa.png","contentUrl":"https:\/\/brainspectrum.dk\/wp-content\/uploads\/2025\/07\/Logo-graablaa.png","width":392,"height":398,"caption":"AITIA"},"image":{"@id":"https:\/\/brainspectrum.dk\/#\/schema\/logo\/image\/"}},{"@type":"Person","@id":"https:\/\/brainspectrum.dk\/#\/schema\/person\/9d8560068511637a221b1c420f056eec","name":"admin","image":{"@type":"ImageObject","inLanguage":"da-DK","@id":"https:\/\/secure.gravatar.com\/avatar\/f92be6eddadf1d48be26c0ee7c3b6a66f57fbf5c7efba8e1fa65b3a39c865605?s=96&d=mm&r=g","url":"https:\/\/secure.gravatar.com\/avatar\/f92be6eddadf1d48be26c0ee7c3b6a66f57fbf5c7efba8e1fa65b3a39c865605?s=96&d=mm&r=g","contentUrl":"https:\/\/secure.gravatar.com\/avatar\/f92be6eddadf1d48be26c0ee7c3b6a66f57fbf5c7efba8e1fa65b3a39c865605?s=96&d=mm&r=g","caption":"admin"},"sameAs":["https:\/\/brainspectrum.dk","www.linkedin.com\/in\/stine-schjern-guldborg-535867119"],"url":"https:\/\/brainspectrum.dk\/index.php\/author\/admin\/"}]}},"jetpack_featured_media_url":"","featured_media_urls":[],"_links":{"self":[{"href":"https:\/\/brainspectrum.dk\/index.php\/wp-json\/wp\/v2\/posts\/494","targetHints":{"allow":["GET"]}}],"collection":[{"href":"https:\/\/brainspectrum.dk\/index.php\/wp-json\/wp\/v2\/posts"}],"about":[{"href":"https:\/\/brainspectrum.dk\/index.php\/wp-json\/wp\/v2\/types\/post"}],"author":[{"embeddable":true,"href":"https:\/\/brainspectrum.dk\/index.php\/wp-json\/wp\/v2\/users\/1"}],"replies":[{"embeddable":true,"href":"https:\/\/brainspectrum.dk\/index.php\/wp-json\/wp\/v2\/comments?post=494"}],"version-history":[{"count":5,"href":"https:\/\/brainspectrum.dk\/index.php\/wp-json\/wp\/v2\/posts\/494\/revisions"}],"predecessor-version":[{"id":1134,"href":"https:\/\/brainspectrum.dk\/index.php\/wp-json\/wp\/v2\/posts\/494\/revisions\/1134"}],"wp:attachment":[{"href":"https:\/\/brainspectrum.dk\/index.php\/wp-json\/wp\/v2\/media?parent=494"}],"wp:term":[{"taxonomy":"category","embeddable":true,"href":"https:\/\/brainspectrum.dk\/index.php\/wp-json\/wp\/v2\/categories?post=494"},{"taxonomy":"post_tag","embeddable":true,"href":"https:\/\/brainspectrum.dk\/index.php\/wp-json\/wp\/v2\/tags?post=494"}],"curies":[{"name":"wp","href":"https:\/\/api.w.org\/{rel}","templated":true}]}}